{"id":9389,"date":"2023-05-25T16:41:51","date_gmt":"2023-05-25T20:41:51","guid":{"rendered":"https:\/\/koreanfilmfestivalcanada.ca\/?p=9389"},"modified":"2023-05-25T16:45:58","modified_gmt":"2023-05-25T20:45:58","slug":"soiree-ouverture-kffc10","status":"publish","type":"post","link":"https:\/\/koreanfilmfestivalcanada.ca\/fr\/soiree-ouverture-kffc10\/","title":{"rendered":"Soir\u00e9e d&#8217;ouverture \u00e0 Montr\u00e9al du KFFC 10"},"content":{"rendered":"<div>\n<div class=\"\" dir=\"auto\">\n<div id=\":r1l:\" class=\"x1iorvi4 x1pi30zi x1l90r2v x1swvt13\" data-ad-comet-preview=\"message\" data-ad-preview=\"message\">\n<div class=\"x78zum5 xdt5ytf xz62fqu x16ldp7u\">\n<div class=\"xu06os2 x1ok221b\">\n<div class=\"x11i5rnm xat24cr x1mh8g0r x1vvkbs xtlvy1s x126k92a\">\n<div dir=\"auto\"><span class=\"x3nfvp2 x1j61x8r x1fcty0u xdj266r xhhsvwb xat24cr xgzva0m xxymvpz xlup9mm x1kky2od\"><img loading=\"lazy\" decoding=\"async\" src=\"https:\/\/static.xx.fbcdn.net\/images\/emoji.php\/v9\/te5\/1.5\/16\/1f389.png\" alt=\"?\" width=\"16\" height=\"16\" \/><\/span> FFCC 10 vous invite \u00e0 notre soir\u00e9e d&#8217;ouverture \u00e0 Montr\u00e9al, un nouveau format de r\u00e9ception qui prend la forme d&#8217;une table ronde dynamique, informelle et ouverte!<\/div>\n<div dir=\"auto\"><\/div>\n<\/div>\n<div class=\"x11i5rnm xat24cr x1mh8g0r x1vvkbs xtlvy1s x126k92a\">\n<div dir=\"auto\">En revisitant les 27 ann\u00e9es d&#8217;histoire de notre organisation, nous vous invitons \u00e0 partager vos exp\u00e9riences et \u00e0 vous impliquer dans les missions et les perspectives de plusieurs organisations dans le domaine des arts asiatiques canadiens. L&#8217;\u00e9v\u00e9nement sera anim\u00e9 et conduit par Jennifer Yoon, journaliste \u00e0 CBC Montr\u00e9al.<\/div>\n<div dir=\"auto\"><\/div>\n<\/div>\n<div class=\"x11i5rnm xat24cr x1mh8g0r x1vvkbs xtlvy1s x126k92a\">\n<div dir=\"auto\"><span class=\"x3nfvp2 x1j61x8r x1fcty0u xdj266r xhhsvwb xat24cr xgzva0m xxymvpz xlup9mm x1kky2od\"><img loading=\"lazy\" decoding=\"async\" src=\"https:\/\/static.xx.fbcdn.net\/images\/emoji.php\/v9\/t7b\/1.5\/16\/2728.png\" alt=\"\u2728\" width=\"16\" height=\"16\" \/><\/span> Rejoignez-nous dans l&#8217;atrium du Mus\u00e9e McCord Stewart le 26 mai de 17h00 \u00e0 18h10 pour une soir\u00e9e incroyable avec des dialogues inspirants, des divertissements, de d\u00e9licieux amuse-bouches et des boissons, ainsi que des installations artistiques, suivis de 2 programmes de films exceptionnels.<\/div>\n<\/div>\n<div class=\"x11i5rnm xat24cr x1mh8g0r x1vvkbs xtlvy1s x126k92a\">\n<div dir=\"auto\"><\/div>\n<div dir=\"auto\"><strong>17h00 &#8211; 17h15 :<\/strong><\/div>\n<div dir=\"auto\">\u00b7 Introduction et mod\u00e9ration par Jennifer Yoon, journaliste \u00e0 CBC Montr\u00e9al.<\/div>\n<\/div>\n<div class=\"x11i5rnm xat24cr x1mh8g0r x1vvkbs xtlvy1s x126k92a\">\n<div dir=\"auto\"><\/div>\n<div dir=\"auto\"><strong>17h15 &#8211; 17h50 :<\/strong><\/div>\n<div dir=\"auto\">\u00b7 Discussion informelle en table ronde ouverte : Nous encourageons la participation de nos invit\u00e9s estim\u00e9s pour explorer et partager leurs id\u00e9es et perspectives sur les arts asiatiques et asiatiques-canadiens. Des professionnels et des directeurs d&#8217;arts professionnels sont invit\u00e9s en tant que conf\u00e9renciers invit\u00e9s.<\/div>\n<div dir=\"auto\"><\/div>\n<\/div>\n<div class=\"x11i5rnm xat24cr x1mh8g0r x1vvkbs xtlvy1s x126k92a\">\n<div dir=\"auto\"><strong>17h50 &#8211; 18h10 :<\/strong><\/div>\n<div dir=\"auto\">\u00b7 Session de questions-r\u00e9ponses ouvertes \u00e0 tous les invit\u00e9s<\/div>\n<div dir=\"auto\"><\/div>\n<\/div>\n<div class=\"x11i5rnm xat24cr x1mh8g0r x1vvkbs xtlvy1s x126k92a\">\n<div dir=\"auto\"><span class=\"x3nfvp2 x1j61x8r x1fcty0u xdj266r xhhsvwb xat24cr xgzva0m xxymvpz xlup9mm x1kky2od\"><img loading=\"lazy\" decoding=\"async\" src=\"https:\/\/static.xx.fbcdn.net\/images\/emoji.php\/v9\/tdb\/1.5\/16\/1f3a8.png\" alt=\"?\" width=\"16\" height=\"16\" \/><\/span> Des expositions d&#8217;art gratuites seront pr\u00e9sent\u00e9es au cours de la soir\u00e9e d&#8217;ouverture et pendant le festival les 26 et 27 mai et le 4 juin dans l&#8217;atrium du mus\u00e9e McCord Stewart :<\/div>\n<div dir=\"auto\">\u00b7 ANONYMOUS par Sojung Bahang, une animation 3D-VR immersive, cin\u00e9matographique et interactive.<\/div>\n<div dir=\"auto\">\u00b7 STATUE OF PEACE de Kim Seo-Kyung et Kim Eun-Sung, l&#8217;exposition sensibilise aux droits humains des femmes et \u00e0 la triste histoire des \u201cfemmes de r\u00e9confort\u201d pendant la seconde guerre mondiale.<\/div>\n<div dir=\"auto\"><\/div>\n<\/div>\n<div class=\"x11i5rnm xat24cr x1mh8g0r x1vvkbs xtlvy1s x126k92a\">\n<div dir=\"auto\"><span class=\"x3nfvp2 x1j61x8r x1fcty0u xdj266r xhhsvwb xat24cr xgzva0m xxymvpz xlup9mm x1kky2od\"><img loading=\"lazy\" decoding=\"async\" src=\"https:\/\/static.xx.fbcdn.net\/images\/emoji.php\/v9\/t68\/1.5\/16\/1f942.png\" alt=\"?\" width=\"16\" height=\"16\" \/><\/span> Tout au long de la soir\u00e9e, n&#8217;h\u00e9sitez pas \u00e0 vous promener et \u00e0 partager un verre avec les invit\u00e9s ! Nous servirons des rafra\u00eechissements et du vin pour faciliter les \u00e9changes.<\/div>\n<\/div>\n<div dir=\"auto\"><\/div>\n<div class=\"x11i5rnm xat24cr x1mh8g0r x1vvkbs xtlvy1s x126k92a\">\n<div dir=\"auto\"><span class=\"x3nfvp2 x1j61x8r x1fcty0u xdj266r xhhsvwb xat24cr xgzva0m xxymvpz xlup9mm x1kky2od\"><img loading=\"lazy\" decoding=\"async\" src=\"https:\/\/static.xx.fbcdn.net\/images\/emoji.php\/v9\/t58\/1.5\/16\/1f3a5.png\" alt=\"?\" width=\"16\" height=\"16\" \/><\/span> 18h20 : Le FFCC 10 d\u00e9butera avec la projection du film d&#8217;ouverture &#8220;PEPPERMINT CANDY&#8221; de Lee Chang-Dong. Obtenez vos billets sur notre page Eventbrite !<\/div>\n<div dir=\"auto\"><\/div>\n<\/div>\n<div class=\"x11i5rnm xat24cr x1mh8g0r x1vvkbs xtlvy1s x126k92a\">\n<h2 dir=\"auto\">Pour confirmer votre pr\u00e9sence et plus d\u2019infos, visitez: <a href=\"http:\/\/kffc10-opening-reception.eventbrite.ca\">kffc10-opening-reception.eventbrite.ca<\/a><\/h2>\n<\/div>\n<\/div>\n<\/div>\n<\/div>\n<\/div>\n<div id=\":r1m:\" class=\"x1n2onr6\">\n<div class=\"x1n2onr6\">\n<div class=\"x6s0dn4 x1jx94hy x78zum5 xdt5ytf x6ikm8r x10wlt62 x1n2onr6 xh8yej3\">\n<div class=\"xqtp20y x6ikm8r x10wlt62 x1n2onr6\">\n<div class=\"x10l6tqk x13vifvy\"><\/div>\n<\/div>\n<\/div>\n<\/div>\n<\/div>\n<\/div>\n","protected":false},"excerpt":{"rendered":"<p>FFCC 10 vous invite \u00e0 notre soir\u00e9e d&#8217;ouverture \u00e0 Montr\u00e9al, un nouveau format de r\u00e9ception qui prend la forme d&#8217;une table ronde dynamique, informelle et&#8230;<\/p>\n","protected":false},"author":4,"featured_media":9374,"comment_status":"open","ping_status":"open","sticky":false,"template":"","format":"image","meta":{"_coblocks_attr":"","_coblocks_dimensions":"","_coblocks_responsive_height":"","_coblocks_accordion_ie_support":"","footnotes":""},"categories":[137],"tags":[],"class_list":["post-9389","post","type-post","status-publish","format-image","has-post-thumbnail","hentry","category-10th-kffc-fr","post_format-post-format-image"],"acf":[],"_links":{"self":[{"href":"https:\/\/koreanfilmfestivalcanada.ca\/fr\/wp-json\/wp\/v2\/posts\/9389","targetHints":{"allow":["GET"]}}],"collection":[{"href":"https:\/\/koreanfilmfestivalcanada.ca\/fr\/wp-json\/wp\/v2\/posts"}],"about":[{"href":"https:\/\/koreanfilmfestivalcanada.ca\/fr\/wp-json\/wp\/v2\/types\/post"}],"author":[{"embeddable":true,"href":"https:\/\/koreanfilmfestivalcanada.ca\/fr\/wp-json\/wp\/v2\/users\/4"}],"replies":[{"embeddable":true,"href":"https:\/\/koreanfilmfestivalcanada.ca\/fr\/wp-json\/wp\/v2\/comments?post=9389"}],"version-history":[{"count":1,"href":"https:\/\/koreanfilmfestivalcanada.ca\/fr\/wp-json\/wp\/v2\/posts\/9389\/revisions"}],"predecessor-version":[{"id":9390,"href":"https:\/\/koreanfilmfestivalcanada.ca\/fr\/wp-json\/wp\/v2\/posts\/9389\/revisions\/9390"}],"wp:featuredmedia":[{"embeddable":true,"href":"https:\/\/koreanfilmfestivalcanada.ca\/fr\/wp-json\/wp\/v2\/media\/9374"}],"wp:attachment":[{"href":"https:\/\/koreanfilmfestivalcanada.ca\/fr\/wp-json\/wp\/v2\/media?parent=9389"}],"wp:term":[{"taxonomy":"category","embeddable":true,"href":"https:\/\/koreanfilmfestivalcanada.ca\/fr\/wp-json\/wp\/v2\/categories?post=9389"},{"taxonomy":"post_tag","embeddable":true,"href":"https:\/\/koreanfilmfestivalcanada.ca\/fr\/wp-json\/wp\/v2\/tags?post=9389"}],"curies":[{"name":"wp","href":"https:\/\/api.w.org\/{rel}","templated":true}]}}